{"id":1011,"date":"2014-10-16T21:41:34","date_gmt":"2014-10-16T21:41:34","guid":{"rendered":"https:\/\/jecuisinemonpotager.fr\/Test\/?p=1011"},"modified":"2017-03-09T13:37:46","modified_gmt":"2017-03-09T13:37:46","slug":"recette-salade-carotte-oumhouria","status":"publish","type":"post","link":"https:\/\/jecuisinemonpotager.fr\/Test\/recette-salade-carotte-oumhouria\/","title":{"rendered":"Oumhouria &#8211; salade de carotte tunisienne"},"content":{"rendered":"<blockquote>\n<p title=\"3 m\u00e8res + 3 filles en cuisine pour des recettes faciles et rapides !\">une salade tunisienne traditionnel tr\u00e8s parfum\u00e9e.<\/p>\n<\/blockquote>\n<p><strong>Ingr\u00e9dients :\u00a0<\/strong><\/p>\n<ul>\n<li><a href=\"http:\/\/www.750g.com\/\"><img loading=\"lazy\" class=\"alignright wp-image-1685 size-full\" src=\"https:\/\/jecuisinemonpotager.fr\/Test\/wp-content\/uploads\/2014\/10\/Logo-750-g.jpg\" alt=\"Logo---750-g\" width=\"300\" height=\"200\" srcset=\"https:\/\/jecuisinemonpotager.fr\/Test\/wp-content\/uploads\/2014\/10\/Logo-750-g.jpg 300w, https:\/\/jecuisinemonpotager.fr\/Test\/wp-content\/uploads\/2014\/10\/Logo-750-g-140x94.jpg 140w\" sizes=\"(max-width: 300px) 100vw, 300px\" \/><\/a>250g de carotte<\/li>\n<li>1 petit boite de thon<\/li>\n<li>1 \u0153uf dur<\/li>\n<li>quelques olives<\/li>\n<li>1 cuill\u00e8re \u00e0 caf\u00e9 d&rsquo;harissa diari<\/li>\n<li>1\/2 cuill\u00e8re \u00e0 caf\u00e9 de cumin<\/li>\n<li>Le jus d&rsquo;1\/2 citron<\/li>\n<li>Sel<\/li>\n<li>Huile d&rsquo;olive<\/li>\n<li>Persil<\/li>\n<\/ul>\n<p class=\"m_content_recette_ingredients\"><a href='http:\/\/www.750g.com\/oumhouria%28salade-de-carotte-tunisienne%29-r75768.htm' class='big-button biggreen' target=\"_blank\">Voir la recette<\/a><\/p>\n<p><span style=\"border-radius: 2px; text-indent: 20px; width: auto; padding: 0px 4px 0px 0px; text-align: center; font: bold 11px\/20px 'Helvetica Neue',Helvetica,sans-serif; color: #ffffff; background: #bd081c  no-repeat scroll 3px 50% \/ 14px 14px; position: absolute; opacity: 1; z-index: 8675309; display: none; cursor: pointer;\">Enregistrer<\/span><\/p>\n\n\t<div class=\"st-post-tags\">\n\tTags: <a href=\"https:\/\/jecuisinemonpotager.fr\/Test\/tag\/carotte\/\" title=\"Carotte\" rel=\"tag\">Carotte<\/a>, <a href=\"https:\/\/jecuisinemonpotager.fr\/Test\/tag\/salade\/\" title=\"Salade\" rel=\"tag\">Salade<\/a><br \/><\/div>\n\n","protected":false},"excerpt":{"rendered":"<p>une salade tunisienne traditionnel tr\u00e8s parfum\u00e9e. Ingr\u00e9dients :\u00a0 250g de carotte 1 petit boite de thon 1 \u0153uf dur quelques olives 1 cuill\u00e8re \u00e0 caf\u00e9 d&rsquo;harissa diari 1\/2 cuill\u00e8re \u00e0 caf\u00e9 de cumin Le jus d&rsquo;1\/2 citron Sel Huile d&rsquo;olive Persil Enregistrer Tags: Carotte, Salade<\/p>\n","protected":false},"author":2,"featured_media":1013,"comment_status":"open","ping_status":"open","sticky":false,"template":"","format":"standard","meta":{"_et_pb_use_builder":"","_et_pb_old_content":""},"categories":[51,225],"tags":[72,56],"_links":{"self":[{"href":"https:\/\/jecuisinemonpotager.fr\/Test\/wp-json\/wp\/v2\/posts\/1011"}],"collection":[{"href":"https:\/\/jecuisinemonpotager.fr\/Test\/wp-json\/wp\/v2\/posts"}],"about":[{"href":"https:\/\/jecuisinemonpotager.fr\/Test\/wp-json\/wp\/v2\/types\/post"}],"author":[{"embeddable":true,"href":"https:\/\/jecuisinemonpotager.fr\/Test\/wp-json\/wp\/v2\/users\/2"}],"replies":[{"embeddable":true,"href":"https:\/\/jecuisinemonpotager.fr\/Test\/wp-json\/wp\/v2\/comments?post=1011"}],"version-history":[{"count":6,"href":"https:\/\/jecuisinemonpotager.fr\/Test\/wp-json\/wp\/v2\/posts\/1011\/revisions"}],"predecessor-version":[{"id":248465,"href":"https:\/\/jecuisinemonpotager.fr\/Test\/wp-json\/wp\/v2\/posts\/1011\/revisions\/248465"}],"wp:featuredmedia":[{"embeddable":true,"href":"https:\/\/jecuisinemonpotager.fr\/Test\/wp-json\/wp\/v2\/media\/1013"}],"wp:attachment":[{"href":"https:\/\/jecuisinemonpotager.fr\/Test\/wp-json\/wp\/v2\/media?parent=1011"}],"wp:term":[{"taxonomy":"category","embeddable":true,"href":"https:\/\/jecuisinemonpotager.fr\/Test\/wp-json\/wp\/v2\/categories?post=1011"},{"taxonomy":"post_tag","embeddable":true,"href":"https:\/\/jecuisinemonpotager.fr\/Test\/wp-json\/wp\/v2\/tags?post=1011"}],"curies":[{"name":"wp","href":"https:\/\/api.w.org\/{rel}","templated":true}]}}