{"id":1016,"date":"2014-10-16T22:08:24","date_gmt":"2014-10-16T22:08:24","guid":{"rendered":"https:\/\/jecuisinemonpotager.fr\/Test\/?p=1016"},"modified":"2017-03-09T13:37:27","modified_gmt":"2017-03-09T13:37:27","slug":"recette-gateau-carotte","status":"publish","type":"post","link":"https:\/\/jecuisinemonpotager.fr\/Test\/recette-gateau-carotte\/","title":{"rendered":"Le g\u00e2teau aux carottes"},"content":{"rendered":"<blockquote>\n<p title=\"3 m\u00e8res + 3 filles en cuisine pour des recettes faciles et rapides !\">Une recette qui devrait nous r\u00e9concilier avec nos amis v\u00e9g\u00e9tariens\u2026<\/p>\n<\/blockquote>\n<p><strong>Ingr\u00e9dients (pour 6 \u00e0 8 pers.) :\u00a0<\/strong><\/p>\n<ul>\n<li><a href=\"http:\/\/gretagarbure.com\/\"><img loading=\"lazy\" class=\"alignright wp-image-1019 size-full\" src=\"https:\/\/jecuisinemonpotager.fr\/Test\/wp-content\/uploads\/2014\/10\/Logo-GretaGarbure.jpg\" alt=\"Greta Garbure\" width=\"300\" height=\"200\" srcset=\"https:\/\/jecuisinemonpotager.fr\/Test\/wp-content\/uploads\/2014\/10\/Logo-GretaGarbure.jpg 300w, https:\/\/jecuisinemonpotager.fr\/Test\/wp-content\/uploads\/2014\/10\/Logo-GretaGarbure-140x94.jpg 140w\" sizes=\"(max-width: 300px) 100vw, 300px\" \/><\/a>350 \u00e0 400 g de carottes (300 g r\u00e2p\u00e9es)<\/li>\n<li>4 \u0153ufs<\/li>\n<li>150 g de sucre en poudre<\/li>\n<li>200 g de poudre d\u2019amandes<\/li>\n<li>75 g de farine<\/li>\n<li>1 pinc\u00e9e de sel<\/li>\n<li>1\/2 sachet de levure chimique en poudre<\/li>\n<li>1 citron non trait\u00e9<\/li>\n<li>beurre et farine pour le moule<\/li>\n<\/ul>\n<p class=\"m_content_recette_ingredients\"><a href='http:\/\/gretagarbure.com\/tag\/gateau-aux-carottes\/' class='big-button biggreen' target=\"_blank\">Voir la recette<\/a><\/p>\n<p><span style=\"border-radius: 2px; text-indent: 20px; width: auto; padding: 0px 4px 0px 0px; text-align: center; font: bold 11px\/20px 'Helvetica Neue',Helvetica,sans-serif; color: #ffffff; background: #bd081c  no-repeat scroll 3px 50% \/ 14px 14px; position: absolute; opacity: 1; z-index: 8675309; display: none; cursor: pointer;\">Enregistrer<\/span><\/p>\n\n\t<div class=\"st-post-tags\">\n\tTags: <a href=\"https:\/\/jecuisinemonpotager.fr\/Test\/tag\/carotte\/\" title=\"Carotte\" rel=\"tag\">Carotte<\/a>, <a href=\"https:\/\/jecuisinemonpotager.fr\/Test\/tag\/gateau\/\" title=\"G\u00e2teau\" rel=\"tag\">G\u00e2teau<\/a><br \/><\/div>\n\n","protected":false},"excerpt":{"rendered":"<p>Une recette qui devrait nous r\u00e9concilier avec nos amis v\u00e9g\u00e9tariens\u2026 Ingr\u00e9dients (pour 6 \u00e0 8 pers.) :\u00a0 350 \u00e0 400 g de carottes (300 g r\u00e2p\u00e9es) 4 \u0153ufs 150 g de sucre en poudre 200 g de poudre d\u2019amandes 75 g de farine 1 pinc\u00e9e de sel 1\/2 sachet de levure chimique en poudre 1 [&hellip;]<\/p>\n","protected":false},"author":2,"featured_media":1020,"comment_status":"open","ping_status":"open","sticky":false,"template":"","format":"standard","meta":{"_et_pb_use_builder":"","_et_pb_old_content":""},"categories":[209,51],"tags":[72,74],"_links":{"self":[{"href":"https:\/\/jecuisinemonpotager.fr\/Test\/wp-json\/wp\/v2\/posts\/1016"}],"collection":[{"href":"https:\/\/jecuisinemonpotager.fr\/Test\/wp-json\/wp\/v2\/posts"}],"about":[{"href":"https:\/\/jecuisinemonpotager.fr\/Test\/wp-json\/wp\/v2\/types\/post"}],"author":[{"embeddable":true,"href":"https:\/\/jecuisinemonpotager.fr\/Test\/wp-json\/wp\/v2\/users\/2"}],"replies":[{"embeddable":true,"href":"https:\/\/jecuisinemonpotager.fr\/Test\/wp-json\/wp\/v2\/comments?post=1016"}],"version-history":[{"count":5,"href":"https:\/\/jecuisinemonpotager.fr\/Test\/wp-json\/wp\/v2\/posts\/1016\/revisions"}],"predecessor-version":[{"id":248464,"href":"https:\/\/jecuisinemonpotager.fr\/Test\/wp-json\/wp\/v2\/posts\/1016\/revisions\/248464"}],"wp:featuredmedia":[{"embeddable":true,"href":"https:\/\/jecuisinemonpotager.fr\/Test\/wp-json\/wp\/v2\/media\/1020"}],"wp:attachment":[{"href":"https:\/\/jecuisinemonpotager.fr\/Test\/wp-json\/wp\/v2\/media?parent=1016"}],"wp:term":[{"taxonomy":"category","embeddable":true,"href":"https:\/\/jecuisinemonpotager.fr\/Test\/wp-json\/wp\/v2\/categories?post=1016"},{"taxonomy":"post_tag","embeddable":true,"href":"https:\/\/jecuisinemonpotager.fr\/Test\/wp-json\/wp\/v2\/tags?post=1016"}],"curies":[{"name":"wp","href":"https:\/\/api.w.org\/{rel}","templated":true}]}}