{"id":1725,"date":"2019-05-01T21:18:53","date_gmt":"2019-05-01T21:18:53","guid":{"rendered":"https:\/\/jecuisinemonpotager.fr\/Test\/?p=1725"},"modified":"2019-11-03T11:37:58","modified_gmt":"2019-11-03T11:37:58","slug":"les-poireaux","status":"publish","type":"post","link":"https:\/\/jecuisinemonpotager.fr\/Test\/les-poireaux\/","title":{"rendered":"Les poireaux"},"content":{"rendered":"<p><strong>Le poireau est un l\u00e9gume ancr\u00e9 dans nos traditions.<\/strong><\/p>\n<blockquote><p>Le poireau commun est donc une plante herbac\u00e9e bisannuelle largement cultiv\u00e9e comme plante potag\u00e8re pour ses feuilles consomm\u00e9es comme l\u00e9gumes. Il est compos\u00e9 de longues feuilles engainantes, oppos\u00e9es, plates, vert sombre ou vert jaun\u00e2tre, plus ou moins larges. La base des feuilles embo\u00eet\u00e9es forme une pseudo-tige appel\u00e9e \u00ab f\u00fbt \u00bb dont la partie enterr\u00e9e est blanche et est la plus appr\u00e9ci\u00e9e. Cette esp\u00e8ce est originaire de la r\u00e9gion m\u00e9diterran\u00e9enne, probablement du Proche-Orient. Elle est largement cultiv\u00e9e dans toutes les zones temp\u00e9r\u00e9es.<\/p><\/blockquote>\n<h2><a href=\"https:\/\/jecuisinemonpotager.fr\/Test\/wp-content\/uploads\/2014\/10\/Icon-11-Poireau1.png\"><img loading=\"lazy\" class=\"alignleft wp-image-1667 size-thumbnail\" src=\"https:\/\/jecuisinemonpotager.fr\/Test\/wp-content\/uploads\/2014\/10\/Icon-11-Poireau1-150x150.png\" alt=\"Icon-11-Poireau\" width=\"150\" height=\"150\" srcset=\"https:\/\/jecuisinemonpotager.fr\/Test\/wp-content\/uploads\/2014\/10\/Icon-11-Poireau1-150x150.png 150w, https:\/\/jecuisinemonpotager.fr\/Test\/wp-content\/uploads\/2014\/10\/Icon-11-Poireau1-300x300.png 300w, https:\/\/jecuisinemonpotager.fr\/Test\/wp-content\/uploads\/2014\/10\/Icon-11-Poireau1-184x184.png 184w, https:\/\/jecuisinemonpotager.fr\/Test\/wp-content\/uploads\/2014\/10\/Icon-11-Poireau1.png 400w\" sizes=\"(max-width: 150px) 100vw, 150px\" \/><\/a>Les poireaux en cuisine<\/h2>\n<p>Les poireaux, dont le go\u00fbt est interm\u00e9diaire entre ceux de l&rsquo;oignon et de l&rsquo;asperge, se consomment cuits. On peut les manger froids en vinaigrette, mais ils entrent le plus souvent dans la pr\u00e9paration de plats chauds : potages, tartes, quiches, pot-au-feu, pot\u00e9es&#8230;<\/p>\n<p>On a l&rsquo;habitude d&rsquo;utiliser la partie blanche du poireau, mais les tiges vertes peuvent \u00e9galement \u00eatre cuisin\u00e9 et elles contiennent la plus grande partie des vitamines&nbsp;C et provitamines&nbsp;A du poireau. Ses propri\u00e9t\u00e9s diur\u00e9tiques sont ind\u00e9niables, le poireau facilite donc l\u2019\u00e9limination r\u00e9nale. Riche en pro-vitamine A, en vitamines C et E, et en fibres, il r\u00e9gularise le fonctionnement intestinal et participe \u00e0 la r\u00e9gulation du taux de cholest\u00e9rol gr\u00e2ce \u00e0 la pectine qu&rsquo;il contient.<\/p>\n<p>Jetez les feuilles ext\u00e9rieures qui sont s\u00e8ches ou ab\u00eem\u00e9es. Coupez les racines au ras du blanc. Lavez soigneusement les poireaux sous l\u2019eau froide, en fendant le poireau dans le sens de la longueur et en d\u00e9collant un peu les feuilles, pour les d\u00e9barrasser de toutes les traces de terre.<\/p>\n<p>Ils ne se conservent que quelques jours au r\u00e9frig\u00e9rateur.<\/p>\n<h2>La cuisson des poireaux<\/h2>\n<p>Le blanc des poireaux a un go\u00fbt doux et d\u00e9licat qui rappelle celui de l\u2019ail ou de la ciboulette, ils peuvent \u00eatre cuits de multiples fa\u00e7ons.<\/p>\n<ul>\n<li><strong>Vapeur :<\/strong> Prenez des poireaux de m\u00eame grosseur pour une cuisson homog\u00e8ne. D\u00e9poser un peu d&rsquo;eau au fond de votre r\u00e9cipient et d\u00e9poser les poireaux dans un panier vapeur. Laisser cuire une vingtaine de minutes.<\/li>\n<li><strong>Poch\u00e9s :<\/strong> Choisir des poireaux tendres et couper en morceaux de 3\/4 cm. Faites chauffer un peu de bouillon de poulet dans une cocotte, ajouter les poireaux dans le bouillon chaud et laissez-les mijoter pendant 4 \u00e0 6 minutes en remuant r\u00e9guli\u00e8rement. Egouttez les poireaux, ajoutez 2\/3 cuill\u00e8res \u00e0 soupe d&rsquo;huile d&rsquo;olive, un peu de jus de citron, du sel et du poivre.<\/li>\n<li><strong>Frits :<\/strong> Choisissez de pr\u00e9f\u00e9rence de petits poireaux, nettoy\u00e9es les puis s\u00e9parez et \u00e9mincez les feuilles. Faites chauffer du beurre dans une po\u00eale et y ajouter de l&rsquo;ail finement coup\u00e9. Ajouter les poireaux et les faire frire en remuant r\u00e9guli\u00e8rement, jusqu\u2019\u00e0 ce qu\u2019ils deviennent croustillants et dor\u00e9s.<\/li>\n<li><strong>Bouillis :<\/strong> Portez \u00e0 \u00e9bullition une marmite d&rsquo;eau sal\u00e9e au gros sel. Ajoutez les poireaux et laissez cuire \u00e0 feu moyen pendant 20 \u00e0 30 minutes. V\u00e9rifiez qu&rsquo;ils soient suffisamment cuits en les piquant avec une fourchette. Faites-les cuire sur feu moyen-doux jusqu&rsquo;\u00e0 ce qu&rsquo;ils soient tendres lorsque vous les percez avec une fourchette. Egouttez-les, assaisonnez \u00e0 votre go\u00fbt et ajoutez une noix de beurre.<\/li>\n<\/ul>\n<blockquote><p><strong>Astuces :<\/strong> Les feuilles vertes rel\u00e8vent le go\u00fbt, elles peuvent \u00eatre utilis\u00e9es comme condiment, les ajouter \u00e0 un bouquet garni.<\/p><\/blockquote>\n<h2>Cuisinez le vert de poireau<\/h2>\n<p>Plus fort et plus amer que le blanc, utilisez le vert des poireaux pour pr\u00e9parer des bouillons et des potages. Finement cisel\u00e9 et cuit \u00e0 l\u2019\u00e9touff\u00e9e, il agr\u00e9mentera un flan, des p\u00e2tes, du quinoa, un risotto et servira de base aux quiches \u2026<\/p>\n<p style=\"text-align: right;\"><em><strong><a href=\"https:\/\/jecuisinemonpotager.fr\/Test\/cuisiner-les-fanes-et-epluchures-de-vos-legumes\/\"><img loading=\"lazy\" class=\"alignleft wp-image-1539\" src=\"https:\/\/jecuisinemonpotager.fr\/Test\/wp-content\/uploads\/2014\/11\/AlaUne-Article3-300x150.jpg\" alt=\"AlaUne--Article3\" width=\"250\" height=\"125\"><\/a>Quelques id\u00e9es de recettes du vert de poireau<br \/>\n<\/strong><\/em><\/p>\n<ul>\n<li style=\"text-align: right;\"><a href=\"http:\/\/recette-de-cuisine.aufeminin.com\/w\/recette\/r8455\/flans-de-poireaux-et-coulis-vert.html\">Flans de poireaux et coulis vert<\/a><\/li>\n<li style=\"text-align: right;\"><a href=\"http:\/\/www.toques2cuisine.com\/2012\/10\/quiche-aux-poireaux-et-lardons.html\">Quiche aux poireaux et lardons<\/a><\/li>\n<li style=\"text-align: right;\"><a href=\"http:\/\/thermomix.familleroy.fr\/2011\/11\/26\/emince-de-vert-de-poireau-au-miel\/\" class=\"broken_link\">Eminc\u00e9 de vert de poireau au miel<\/a><\/li>\n<\/ul>\n<p>&nbsp;<\/p>\n\n\t<div class=\"st-post-tags\">\n\tTags: <a href=\"https:\/\/jecuisinemonpotager.fr\/Test\/tag\/poireau\/\" title=\"poireau\" rel=\"tag\">poireau<\/a><br \/><\/div>\n\n","protected":false},"excerpt":{"rendered":"<p>Le poireau est un l\u00e9gume ancr\u00e9 dans nos traditions. Le poireau commun est donc une plante herbac\u00e9e bisannuelle largement cultiv\u00e9e comme plante potag\u00e8re pour ses feuilles consomm\u00e9es comme l\u00e9gumes. Il est compos\u00e9 de longues feuilles engainantes, oppos\u00e9es, plates, vert sombre ou vert jaun\u00e2tre, plus ou moins larges. La base des feuilles embo\u00eet\u00e9es forme une pseudo-tige [&hellip;]<\/p>\n","protected":false},"author":2,"featured_media":1731,"comment_status":"open","ping_status":"open","sticky":false,"template":"","format":"standard","meta":{"_et_pb_use_builder":"","_et_pb_old_content":""},"categories":[4],"tags":[76],"_links":{"self":[{"href":"https:\/\/jecuisinemonpotager.fr\/Test\/wp-json\/wp\/v2\/posts\/1725"}],"collection":[{"href":"https:\/\/jecuisinemonpotager.fr\/Test\/wp-json\/wp\/v2\/posts"}],"about":[{"href":"https:\/\/jecuisinemonpotager.fr\/Test\/wp-json\/wp\/v2\/types\/post"}],"author":[{"embeddable":true,"href":"https:\/\/jecuisinemonpotager.fr\/Test\/wp-json\/wp\/v2\/users\/2"}],"replies":[{"embeddable":true,"href":"https:\/\/jecuisinemonpotager.fr\/Test\/wp-json\/wp\/v2\/comments?post=1725"}],"version-history":[{"count":6,"href":"https:\/\/jecuisinemonpotager.fr\/Test\/wp-json\/wp\/v2\/posts\/1725\/revisions"}],"predecessor-version":[{"id":248829,"href":"https:\/\/jecuisinemonpotager.fr\/Test\/wp-json\/wp\/v2\/posts\/1725\/revisions\/248829"}],"wp:featuredmedia":[{"embeddable":true,"href":"https:\/\/jecuisinemonpotager.fr\/Test\/wp-json\/wp\/v2\/media\/1731"}],"wp:attachment":[{"href":"https:\/\/jecuisinemonpotager.fr\/Test\/wp-json\/wp\/v2\/media?parent=1725"}],"wp:term":[{"taxonomy":"category","embeddable":true,"href":"https:\/\/jecuisinemonpotager.fr\/Test\/wp-json\/wp\/v2\/categories?post=1725"},{"taxonomy":"post_tag","embeddable":true,"href":"https:\/\/jecuisinemonpotager.fr\/Test\/wp-json\/wp\/v2\/tags?post=1725"}],"curies":[{"name":"wp","href":"https:\/\/api.w.org\/{rel}","templated":true}]}}