{"id":1743,"date":"2014-11-25T23:18:05","date_gmt":"2014-11-25T23:18:05","guid":{"rendered":"https:\/\/jecuisinemonpotager.fr\/Test\/?p=1743"},"modified":"2017-03-09T13:10:22","modified_gmt":"2017-03-09T13:10:22","slug":"recette-poireau-saumon-mimolette","status":"publish","type":"post","link":"https:\/\/jecuisinemonpotager.fr\/Test\/recette-poireau-saumon-mimolette\/","title":{"rendered":"Saumon grill\u00e9 et fondue de poireaux \u00e0 la mimolette"},"content":{"rendered":"<blockquote>\n<div class=\"copy-paste-block\">\n<div><strong>Et alors ? Alors c&rsquo;est bon ! Ce fromage fondu qui file&#8230;.miam !<\/strong><\/div>\n<\/div>\n<\/blockquote>\n<p><strong>Ingr\u00e9dients :<\/strong><\/p>\n<ul>\n<li class=\"separator\"><a href=\"http:\/\/tambouille-charline.blogspot.fr\/\"><img loading=\"lazy\" class=\"alignright wp-image-1744 size-full\" src=\"https:\/\/jecuisinemonpotager.fr\/Test\/wp-content\/uploads\/2014\/11\/Logo-Tambouille-Charline-3.jpg\" alt=\"Logo-Tambouille-Charline-3\" width=\"300\" height=\"200\" srcset=\"https:\/\/jecuisinemonpotager.fr\/Test\/wp-content\/uploads\/2014\/11\/Logo-Tambouille-Charline-3.jpg 300w, https:\/\/jecuisinemonpotager.fr\/Test\/wp-content\/uploads\/2014\/11\/Logo-Tambouille-Charline-3-140x94.jpg 140w\" sizes=\"(max-width: 300px) 100vw, 300px\" \/><\/a>2 pav\u00e9s de saumon frais\n<div><\/div>\n<\/li>\n<li class=\"separator\">\n<div>2 poireaux<\/div>\n<\/li>\n<li class=\"separator\">5 cl de cr\u00e8me liquide<\/li>\n<li class=\"separator\">100 g de mimolette<\/li>\n<li class=\"separator\">sel, poivre<\/li>\n<li class=\"separator\">1\/2 c \u00e0 c de curcuma (ou paprika ou piment doux ou piment d&rsquo;Espelette)<\/li>\n<li class=\"separator\">1 c \u00e0 s d&rsquo;huile d&rsquo;olive<\/li>\n<\/ul>\n<p class=\"m_content_recette_ingredients\"><a href='http:\/\/tambouille-charline.blogspot.fr\/2013\/04\/saumon-grille-et-fondue-de-poireaux-la.html' class='big-button biggreen' target=\"_blank\">Voir la recette<\/a><\/p>\n<p><span style=\"border-radius: 2px; text-indent: 20px; width: auto; padding: 0px 4px 0px 0px; text-align: center; font: bold 11px\/20px 'Helvetica Neue',Helvetica,sans-serif; color: #ffffff; background: #bd081c  no-repeat scroll 3px 50% \/ 14px 14px; position: absolute; opacity: 1; z-index: 8675309; display: none; cursor: pointer;\">Enregistrer<\/span><\/p>\n\n\t<div class=\"st-post-tags\">\n\tTags: <a href=\"https:\/\/jecuisinemonpotager.fr\/Test\/tag\/mimonette\/\" title=\"Mimonette\" rel=\"tag\">Mimonette<\/a>, <a href=\"https:\/\/jecuisinemonpotager.fr\/Test\/tag\/poireau\/\" title=\"poireau\" rel=\"tag\">poireau<\/a>, <a href=\"https:\/\/jecuisinemonpotager.fr\/Test\/tag\/saumon\/\" title=\"Saumon\" rel=\"tag\">Saumon<\/a><br \/><\/div>\n\n","protected":false},"excerpt":{"rendered":"<p>Et alors ? Alors c&rsquo;est bon ! Ce fromage fondu qui file&#8230;.miam ! Ingr\u00e9dients : 2 pav\u00e9s de saumon frais 2 poireaux 5 cl de cr\u00e8me liquide 100 g de mimolette sel, poivre 1\/2 c \u00e0 c de curcuma (ou paprika ou piment doux ou piment d&rsquo;Espelette) 1 c \u00e0 s d&rsquo;huile d&rsquo;olive Enregistrer Tags: [&hellip;]<\/p>\n","protected":false},"author":2,"featured_media":1745,"comment_status":"open","ping_status":"open","sticky":false,"template":"","format":"standard","meta":{"_et_pb_use_builder":"","_et_pb_old_content":""},"categories":[51,225],"tags":[169,76,55],"_links":{"self":[{"href":"https:\/\/jecuisinemonpotager.fr\/Test\/wp-json\/wp\/v2\/posts\/1743"}],"collection":[{"href":"https:\/\/jecuisinemonpotager.fr\/Test\/wp-json\/wp\/v2\/posts"}],"about":[{"href":"https:\/\/jecuisinemonpotager.fr\/Test\/wp-json\/wp\/v2\/types\/post"}],"author":[{"embeddable":true,"href":"https:\/\/jecuisinemonpotager.fr\/Test\/wp-json\/wp\/v2\/users\/2"}],"replies":[{"embeddable":true,"href":"https:\/\/jecuisinemonpotager.fr\/Test\/wp-json\/wp\/v2\/comments?post=1743"}],"version-history":[{"count":2,"href":"https:\/\/jecuisinemonpotager.fr\/Test\/wp-json\/wp\/v2\/posts\/1743\/revisions"}],"predecessor-version":[{"id":248412,"href":"https:\/\/jecuisinemonpotager.fr\/Test\/wp-json\/wp\/v2\/posts\/1743\/revisions\/248412"}],"wp:featuredmedia":[{"embeddable":true,"href":"https:\/\/jecuisinemonpotager.fr\/Test\/wp-json\/wp\/v2\/media\/1745"}],"wp:attachment":[{"href":"https:\/\/jecuisinemonpotager.fr\/Test\/wp-json\/wp\/v2\/media?parent=1743"}],"wp:term":[{"taxonomy":"category","embeddable":true,"href":"https:\/\/jecuisinemonpotager.fr\/Test\/wp-json\/wp\/v2\/categories?post=1743"},{"taxonomy":"post_tag","embeddable":true,"href":"https:\/\/jecuisinemonpotager.fr\/Test\/wp-json\/wp\/v2\/tags?post=1743"}],"curies":[{"name":"wp","href":"https:\/\/api.w.org\/{rel}","templated":true}]}}