{"id":1821,"date":"2014-12-02T13:44:27","date_gmt":"2014-12-02T13:44:27","guid":{"rendered":"https:\/\/jecuisinemonpotager.fr\/Test\/?p=1821"},"modified":"2017-03-09T13:03:43","modified_gmt":"2017-03-09T13:03:43","slug":"recette-cari-choufleur-poulet","status":"publish","type":"post","link":"https:\/\/jecuisinemonpotager.fr\/Test\/recette-cari-choufleur-poulet\/","title":{"rendered":"Cari de chou-fleur, c\u00e9r\u00e9ales &#038; poulet"},"content":{"rendered":"<div class=\"copy-paste-block\">\n<blockquote>\n<div>\n<div><strong> Un peu de soleil dans l&rsquo;assiette \u00a0\u2026\u00a0 avec quelques pinc\u00e9es de curry \u00e0 l\u2019ancienne, un m\u00e9lange de c\u00e9r\u00e9ales, et des petits bouquets de chou-fleur !<\/strong><\/div>\n<\/div>\n<\/blockquote>\n<\/div>\n<p><strong>Ingr\u00e9dients :<\/strong><\/p>\n<ul>\n<li class=\"separator\"><a href=\"http:\/\/www.epicesetmoi.be\/\" class=\"broken_link\"><img loading=\"lazy\" class=\"alignright wp-image-1823 size-full\" src=\"https:\/\/jecuisinemonpotager.fr\/Test\/wp-content\/uploads\/2014\/12\/Logo-EpicesMoi-3.jpg\" alt=\"Logo-EpicesMoi-3\" width=\"300\" height=\"200\" srcset=\"https:\/\/jecuisinemonpotager.fr\/Test\/wp-content\/uploads\/2014\/12\/Logo-EpicesMoi-3.jpg 300w, https:\/\/jecuisinemonpotager.fr\/Test\/wp-content\/uploads\/2014\/12\/Logo-EpicesMoi-3-140x94.jpg 140w\" sizes=\"(max-width: 300px) 100vw, 300px\" \/><\/a> 100 g de petit \u00e9peautre du Ventoux<\/li>\n<li class=\"separator\">300 g de blancs de poulet coup\u00e9s en d\u00e9s<\/li>\n<li class=\"separator\">100 g de bl\u00e9 entier<\/li>\n<li class=\"separator\">100 g de quinoa<\/li>\n<li class=\"separator\">100 g de semoule d\u2019orge<\/li>\n<li class=\"separator\">1 petit chou-fleur coup\u00e9 en bouquets<\/li>\n<li class=\"separator\">1 1\/2 cuill\u00e8re \u00e0 soupe de curry \u00e0 l\u2019ancienne<\/li>\n<li class=\"separator\">Le jus d\u20191\/2 citron<\/li>\n<li class=\"separator\">Fleur de sel<\/li>\n<li class=\"separator\">Poivre noir du moulin<\/li>\n<li class=\"separator\">3 cuill\u00e8res \u00e0 soupe d\u2019huile d\u2019olive<\/li>\n<li class=\"separator\">1 poign\u00e9e de noix de cajou<\/li>\n<li class=\"separator\">2 cuill\u00e8res \u00e0 soupe de pluches de coriandre fra\u00eeche<\/li>\n<\/ul>\n<p class=\"m_content_recette_ingredients\"><a href='http:\/\/www.epicesetmoi.be\/2013\/04\/cari-de-chou-fleur-cereales-de-poulet.html' class='small-button smallgreen' target=\"_blank\">Voir la recette<\/a><\/p>\n<p><span style=\"border-radius: 2px; text-indent: 20px; width: auto; padding: 0px 4px 0px 0px; text-align: center; font: bold 11px\/20px 'Helvetica Neue',Helvetica,sans-serif; color: #ffffff; background: #bd081c  no-repeat scroll 3px 50% \/ 14px 14px; position: absolute; opacity: 1; z-index: 8675309; display: none; cursor: pointer; top: 148px; left: 476px;\">Enregistrer<\/span><\/p>\n\n\t<div class=\"st-post-tags\">\n\tTags: <a href=\"https:\/\/jecuisinemonpotager.fr\/Test\/tag\/cari\/\" title=\"Cari\" rel=\"tag\">Cari<\/a>, <a href=\"https:\/\/jecuisinemonpotager.fr\/Test\/tag\/chou-fleur\/\" title=\"Chou-fleur\" rel=\"tag\">Chou-fleur<\/a>, <a href=\"https:\/\/jecuisinemonpotager.fr\/Test\/tag\/curry\/\" title=\"Curry\" rel=\"tag\">Curry<\/a>, <a href=\"https:\/\/jecuisinemonpotager.fr\/Test\/tag\/poulet\/\" title=\"Poulet\" rel=\"tag\">Poulet<\/a>, <a href=\"https:\/\/jecuisinemonpotager.fr\/Test\/tag\/quinoa\/\" title=\"Quinoa\" rel=\"tag\">Quinoa<\/a><br \/><\/div>\n\n","protected":false},"excerpt":{"rendered":"<p>Un peu de soleil dans l&rsquo;assiette \u00a0\u2026\u00a0 avec quelques pinc\u00e9es de curry \u00e0 l\u2019ancienne, un m\u00e9lange de c\u00e9r\u00e9ales, et des petits bouquets de chou-fleur ! Ingr\u00e9dients : 100 g de petit \u00e9peautre du Ventoux 300 g de blancs de poulet coup\u00e9s en d\u00e9s 100 g de bl\u00e9 entier 100 g de quinoa 100 g de [&hellip;]<\/p>\n","protected":false},"author":2,"featured_media":1824,"comment_status":"open","ping_status":"open","sticky":false,"template":"","format":"standard","meta":{"_et_pb_use_builder":"","_et_pb_old_content":""},"categories":[51,225],"tags":[181,175,182,113,87],"_links":{"self":[{"href":"https:\/\/jecuisinemonpotager.fr\/Test\/wp-json\/wp\/v2\/posts\/1821"}],"collection":[{"href":"https:\/\/jecuisinemonpotager.fr\/Test\/wp-json\/wp\/v2\/posts"}],"about":[{"href":"https:\/\/jecuisinemonpotager.fr\/Test\/wp-json\/wp\/v2\/types\/post"}],"author":[{"embeddable":true,"href":"https:\/\/jecuisinemonpotager.fr\/Test\/wp-json\/wp\/v2\/users\/2"}],"replies":[{"embeddable":true,"href":"https:\/\/jecuisinemonpotager.fr\/Test\/wp-json\/wp\/v2\/comments?post=1821"}],"version-history":[{"count":5,"href":"https:\/\/jecuisinemonpotager.fr\/Test\/wp-json\/wp\/v2\/posts\/1821\/revisions"}],"predecessor-version":[{"id":248402,"href":"https:\/\/jecuisinemonpotager.fr\/Test\/wp-json\/wp\/v2\/posts\/1821\/revisions\/248402"}],"wp:featuredmedia":[{"embeddable":true,"href":"https:\/\/jecuisinemonpotager.fr\/Test\/wp-json\/wp\/v2\/media\/1824"}],"wp:attachment":[{"href":"https:\/\/jecuisinemonpotager.fr\/Test\/wp-json\/wp\/v2\/media?parent=1821"}],"wp:term":[{"taxonomy":"category","embeddable":true,"href":"https:\/\/jecuisinemonpotager.fr\/Test\/wp-json\/wp\/v2\/categories?post=1821"},{"taxonomy":"post_tag","embeddable":true,"href":"https:\/\/jecuisinemonpotager.fr\/Test\/wp-json\/wp\/v2\/tags?post=1821"}],"curies":[{"name":"wp","href":"https:\/\/api.w.org\/{rel}","templated":true}]}}