{"id":1884,"date":"2015-02-04T20:53:41","date_gmt":"2015-02-04T20:53:41","guid":{"rendered":"https:\/\/jecuisinemonpotager.fr\/Test\/?p=1884"},"modified":"2017-03-09T12:59:42","modified_gmt":"2017-03-09T12:59:42","slug":"recette-oignon-bretagne","status":"publish","type":"post","link":"https:\/\/jecuisinemonpotager.fr\/Test\/recette-oignon-bretagne\/","title":{"rendered":"Oignons ros\u00e9s de Bretagne farcis au four"},"content":{"rendered":"<div class=\"copy-paste-block\">\n<blockquote>\n<div>\n<div><strong><span style=\"font-size: small;\">\u00a0 Un floril\u00e8ge de saveurs <\/span>!<\/strong><\/div>\n<\/div>\n<\/blockquote>\n<\/div>\n<p><strong>Ingr\u00e9dients :<\/strong><\/p>\n<ul>\n<li><a href=\"http:\/\/www.princedebretagne.com\/fr\/nos-recettes\"><img loading=\"lazy\" class=\"alignright wp-image-1886 size-full\" src=\"https:\/\/jecuisinemonpotager.fr\/Test\/wp-content\/uploads\/2015\/02\/Logo-PrinceDeBretgne.jpg\" alt=\"Logo-PrinceDeBretgne\" width=\"300\" height=\"200\" srcset=\"https:\/\/jecuisinemonpotager.fr\/Test\/wp-content\/uploads\/2015\/02\/Logo-PrinceDeBretgne.jpg 300w, https:\/\/jecuisinemonpotager.fr\/Test\/wp-content\/uploads\/2015\/02\/Logo-PrinceDeBretgne-140x94.jpg 140w\" sizes=\"(max-width: 300px) 100vw, 300px\" \/><\/a>10 oignons ros\u00e9s de Bretagne (ou oignons de Roscoff AOC)<\/li>\n<li class=\"field-items\">\n<div class=\"field-item even\">Bouillon de volaille<\/div>\n<\/li>\n<li class=\"field-items\">\n<div class=\"field-item even\">Quelques champignons shii-tak\u00e9<\/div>\n<\/li>\n<li class=\"field-items\">\n<div class=\"field-item even\">Noisettes grill\u00e9es<\/div>\n<\/li>\n<li class=\"field-items\">\n<div class=\"field-item even\">Huile d&rsquo;olive<\/div>\n<\/li>\n<\/ul>\n<a href='http:\/\/www.princedebretagne.com\/fr\/recette\/oignons-roses-de-bretagne-farcis-au-four' class='small-button smallgreen' target=\"_blank\">Voir la recette<\/a>\n<p><span style=\"border-radius: 2px; text-indent: 20px; width: auto; padding: 0px 4px 0px 0px; text-align: center; font: bold 11px\/20px 'Helvetica Neue',Helvetica,sans-serif; color: #ffffff; background: #bd081c  no-repeat scroll 3px 50% \/ 14px 14px; position: absolute; opacity: 1; z-index: 8675309; display: none; cursor: pointer;\">Enregistrer<\/span><\/p>\n\n\t<div class=\"st-post-tags\">\n\tTags: <a href=\"https:\/\/jecuisinemonpotager.fr\/Test\/tag\/farci\/\" title=\"Farci\" rel=\"tag\">Farci<\/a>, <a href=\"https:\/\/jecuisinemonpotager.fr\/Test\/tag\/oignon\/\" title=\"Oignon\" rel=\"tag\">Oignon<\/a><br \/><\/div>\n\n","protected":false},"excerpt":{"rendered":"<p>\u00a0 Un floril\u00e8ge de saveurs ! Ingr\u00e9dients : 10 oignons ros\u00e9s de Bretagne (ou oignons de Roscoff AOC) Bouillon de volaille Quelques champignons shii-tak\u00e9 Noisettes grill\u00e9es Huile d&rsquo;olive Enregistrer Tags: Farci, Oignon<\/p>\n","protected":false},"author":2,"featured_media":1885,"comment_status":"open","ping_status":"open","sticky":false,"template":"","format":"standard","meta":{"_et_pb_use_builder":"","_et_pb_old_content":""},"categories":[51,225],"tags":[63,108],"_links":{"self":[{"href":"https:\/\/jecuisinemonpotager.fr\/Test\/wp-json\/wp\/v2\/posts\/1884"}],"collection":[{"href":"https:\/\/jecuisinemonpotager.fr\/Test\/wp-json\/wp\/v2\/posts"}],"about":[{"href":"https:\/\/jecuisinemonpotager.fr\/Test\/wp-json\/wp\/v2\/types\/post"}],"author":[{"embeddable":true,"href":"https:\/\/jecuisinemonpotager.fr\/Test\/wp-json\/wp\/v2\/users\/2"}],"replies":[{"embeddable":true,"href":"https:\/\/jecuisinemonpotager.fr\/Test\/wp-json\/wp\/v2\/comments?post=1884"}],"version-history":[{"count":3,"href":"https:\/\/jecuisinemonpotager.fr\/Test\/wp-json\/wp\/v2\/posts\/1884\/revisions"}],"predecessor-version":[{"id":248395,"href":"https:\/\/jecuisinemonpotager.fr\/Test\/wp-json\/wp\/v2\/posts\/1884\/revisions\/248395"}],"wp:featuredmedia":[{"embeddable":true,"href":"https:\/\/jecuisinemonpotager.fr\/Test\/wp-json\/wp\/v2\/media\/1885"}],"wp:attachment":[{"href":"https:\/\/jecuisinemonpotager.fr\/Test\/wp-json\/wp\/v2\/media?parent=1884"}],"wp:term":[{"taxonomy":"category","embeddable":true,"href":"https:\/\/jecuisinemonpotager.fr\/Test\/wp-json\/wp\/v2\/categories?post=1884"},{"taxonomy":"post_tag","embeddable":true,"href":"https:\/\/jecuisinemonpotager.fr\/Test\/wp-json\/wp\/v2\/tags?post=1884"}],"curies":[{"name":"wp","href":"https:\/\/api.w.org\/{rel}","templated":true}]}}