{"id":873,"date":"2014-10-15T15:16:35","date_gmt":"2014-10-15T15:16:35","guid":{"rendered":"https:\/\/jecuisinemonpotager.fr\/Test\/?p=873"},"modified":"2017-03-09T13:46:57","modified_gmt":"2017-03-09T13:46:57","slug":"recette-salade-radis-herbes","status":"publish","type":"post","link":"https:\/\/jecuisinemonpotager.fr\/Test\/recette-salade-radis-herbes\/","title":{"rendered":"Salade de radis roses aux herbes fra\u00eeches"},"content":{"rendered":"<blockquote>\n<div class=\"copy-paste-block\">Une petite salade toute simple et rapide \u00e0 pr\u00e9parer pour une autre fa\u00e7on de manger des radis. Frais et original!<\/div>\n<\/blockquote>\n<p><a href=\"http:\/\/www.750g.com\/\"><img loading=\"lazy\" class=\"alignright wp-image-1685 size-full\" src=\"https:\/\/jecuisinemonpotager.fr\/Test\/wp-content\/uploads\/2014\/10\/Logo-750-g.jpg\" alt=\"Logo---750-g\" width=\"300\" height=\"200\" srcset=\"https:\/\/jecuisinemonpotager.fr\/Test\/wp-content\/uploads\/2014\/10\/Logo-750-g.jpg 300w, https:\/\/jecuisinemonpotager.fr\/Test\/wp-content\/uploads\/2014\/10\/Logo-750-g-140x94.jpg 140w\" sizes=\"(max-width: 300px) 100vw, 300px\" \/><\/a>Difficult\u00e9 : tr\u00e8s facile<\/p>\n<div class=\"copy-paste-block\">\n<p>Temps de pr\u00e9paration : <span class=\"preptime\">15 min<\/span><\/p>\n<\/div>\n<p class=\"m_content_recette_ingredients\"><strong>Ingr\u00e9dients (pour 4 personnes) :<\/strong><\/p>\n<ul>\n<li class=\"m_content_recette_ingredients\">2 bottes de radis<\/li>\n<li class=\"m_content_recette_ingredients\">4 cuill\u00e8res \u00e0 soupe d&rsquo;herbes fra\u00eeches (ciboulette, persil, estragon&#8230;)<\/li>\n<li class=\"m_content_recette_ingredients\">20 cl de cr\u00e8me fra\u00eeche<\/li>\n<li class=\"m_content_recette_ingredients\">sel , poivre<\/li>\n<\/ul>\n<p class=\"m_content_recette_ingredients\"><a href='http:\/\/www.750g.com\/salade-de-radis-roses-aux-herbes-fraiches-r35777.htm' class='big-button biggreen' target=\"_blank\">Voir la recette<\/a><\/p>\n<p><span style=\"border-radius: 2px; text-indent: 20px; width: auto; padding: 0px 4px 0px 0px; text-align: center; font: bold 11px\/20px 'Helvetica Neue',Helvetica,sans-serif; color: #ffffff; background: #bd081c  no-repeat scroll 3px 50% \/ 14px 14px; position: absolute; opacity: 1; z-index: 8675309; display: none; cursor: pointer;\">Enregistrer<\/span><\/p>\n\n\t<div class=\"st-post-tags\">\n\tTags: <a href=\"https:\/\/jecuisinemonpotager.fr\/Test\/tag\/radis\/\" title=\"Radis\" rel=\"tag\">Radis<\/a>, <a href=\"https:\/\/jecuisinemonpotager.fr\/Test\/tag\/soupe\/\" title=\"Soupe\" rel=\"tag\">Soupe<\/a><br \/><\/div>\n\n","protected":false},"excerpt":{"rendered":"<p>Une petite salade toute simple et rapide \u00e0 pr\u00e9parer pour une autre fa\u00e7on de manger des radis. Frais et original! Difficult\u00e9 : tr\u00e8s facile Temps de pr\u00e9paration : 15 min Ingr\u00e9dients (pour 4 personnes) : 2 bottes de radis 4 cuill\u00e8res \u00e0 soupe d&rsquo;herbes fra\u00eeches (ciboulette, persil, estragon&#8230;) 20 cl de cr\u00e8me fra\u00eeche sel , [&hellip;]<\/p>\n","protected":false},"author":2,"featured_media":876,"comment_status":"open","ping_status":"open","sticky":false,"template":"","format":"standard","meta":{"_et_pb_use_builder":"","_et_pb_old_content":""},"categories":[51,225],"tags":[52,61],"_links":{"self":[{"href":"https:\/\/jecuisinemonpotager.fr\/Test\/wp-json\/wp\/v2\/posts\/873"}],"collection":[{"href":"https:\/\/jecuisinemonpotager.fr\/Test\/wp-json\/wp\/v2\/posts"}],"about":[{"href":"https:\/\/jecuisinemonpotager.fr\/Test\/wp-json\/wp\/v2\/types\/post"}],"author":[{"embeddable":true,"href":"https:\/\/jecuisinemonpotager.fr\/Test\/wp-json\/wp\/v2\/users\/2"}],"replies":[{"embeddable":true,"href":"https:\/\/jecuisinemonpotager.fr\/Test\/wp-json\/wp\/v2\/comments?post=873"}],"version-history":[{"count":6,"href":"https:\/\/jecuisinemonpotager.fr\/Test\/wp-json\/wp\/v2\/posts\/873\/revisions"}],"predecessor-version":[{"id":248481,"href":"https:\/\/jecuisinemonpotager.fr\/Test\/wp-json\/wp\/v2\/posts\/873\/revisions\/248481"}],"wp:featuredmedia":[{"embeddable":true,"href":"https:\/\/jecuisinemonpotager.fr\/Test\/wp-json\/wp\/v2\/media\/876"}],"wp:attachment":[{"href":"https:\/\/jecuisinemonpotager.fr\/Test\/wp-json\/wp\/v2\/media?parent=873"}],"wp:term":[{"taxonomy":"category","embeddable":true,"href":"https:\/\/jecuisinemonpotager.fr\/Test\/wp-json\/wp\/v2\/categories?post=873"},{"taxonomy":"post_tag","embeddable":true,"href":"https:\/\/jecuisinemonpotager.fr\/Test\/wp-json\/wp\/v2\/tags?post=873"}],"curies":[{"name":"wp","href":"https:\/\/api.w.org\/{rel}","templated":true}]}}