{"id":888,"date":"2014-10-15T16:08:21","date_gmt":"2014-10-15T16:08:21","guid":{"rendered":"https:\/\/jecuisinemonpotager.fr\/Test\/?p=888"},"modified":"2017-03-09T13:46:28","modified_gmt":"2017-03-09T13:46:28","slug":"recette-bonhomme-radis","status":"publish","type":"post","link":"https:\/\/jecuisinemonpotager.fr\/Test\/recette-bonhomme-radis\/","title":{"rendered":"Bonhomme de radis"},"content":{"rendered":"<blockquote>\n<p class=\"m_content_recette_ingredients\">Un petit exercice de pr\u00e9sentation des radis qui amusera les enfants !<\/p>\n<\/blockquote>\n<p class=\"m_content_recette_ingredients\"><a href=\"http:\/\/www.recettessimples.fr\"><img loading=\"lazy\" class=\"alignright wp-image-889 size-full\" src=\"https:\/\/jecuisinemonpotager.fr\/Test\/wp-content\/uploads\/2014\/10\/Logo-RecettesSimples.jpg\" alt=\"Recettes Simples\" width=\"300\" height=\"200\" srcset=\"https:\/\/jecuisinemonpotager.fr\/Test\/wp-content\/uploads\/2014\/10\/Logo-RecettesSimples.jpg 300w, https:\/\/jecuisinemonpotager.fr\/Test\/wp-content\/uploads\/2014\/10\/Logo-RecettesSimples-140x94.jpg 140w\" sizes=\"(max-width: 300px) 100vw, 300px\" \/><\/a>Ces petits bonhommes accompagneront la pr\u00e9sentation des hors d&rsquo;oeuvres, ap\u00e9ritifs, ou\u00a0des buffets froids.<\/p>\n<p class=\"m_content_recette_ingredients\"><strong>Ingr\u00e9dients\u00a0 :<\/strong><\/p>\n<ul>\n<li>1 botte de\u00a0Radis rouges (ronds)<\/li>\n<li>1 botte de Radis rouges et\u00a0blancs\u00a0(longs)<\/li>\n<li>des petites piques de bois<\/li>\n<\/ul>\n<p class=\"m_content_recette_ingredients\"><a href='http:\/\/recettessimples.fr\/news\/bonhomme-de-radis' class='big-button biggreen' target=\"_blank\">Voir la recette<\/a><\/p>\n<p><span style=\"border-radius: 2px; text-indent: 20px; width: auto; padding: 0px 4px 0px 0px; text-align: center; font: bold 11px\/20px 'Helvetica Neue',Helvetica,sans-serif; color: #ffffff; background: #bd081c  no-repeat scroll 3px 50% \/ 14px 14px; position: absolute; opacity: 1; z-index: 8675309; display: none; cursor: pointer; top: 84px; left: 476px;\">Enregistrer<\/span><\/p>\n\n\t<div class=\"st-post-tags\">\n\tTags: <a href=\"https:\/\/jecuisinemonpotager.fr\/Test\/tag\/enfant\/\" title=\"Enfant\" rel=\"tag\">Enfant<\/a>, <a href=\"https:\/\/jecuisinemonpotager.fr\/Test\/tag\/radis\/\" title=\"Radis\" rel=\"tag\">Radis<\/a><br \/><\/div>\n\n","protected":false},"excerpt":{"rendered":"<p>Un petit exercice de pr\u00e9sentation des radis qui amusera les enfants ! Ces petits bonhommes accompagneront la pr\u00e9sentation des hors d&rsquo;oeuvres, ap\u00e9ritifs, ou\u00a0des buffets froids. Ingr\u00e9dients\u00a0 : 1 botte de\u00a0Radis rouges (ronds) 1 botte de Radis rouges et\u00a0blancs\u00a0(longs) des petites piques de bois Enregistrer Tags: Enfant, Radis<\/p>\n","protected":false},"author":2,"featured_media":890,"comment_status":"open","ping_status":"open","sticky":false,"template":"","format":"standard","meta":{"_et_pb_use_builder":"","_et_pb_old_content":""},"categories":[226,51],"tags":[59,52],"_links":{"self":[{"href":"https:\/\/jecuisinemonpotager.fr\/Test\/wp-json\/wp\/v2\/posts\/888"}],"collection":[{"href":"https:\/\/jecuisinemonpotager.fr\/Test\/wp-json\/wp\/v2\/posts"}],"about":[{"href":"https:\/\/jecuisinemonpotager.fr\/Test\/wp-json\/wp\/v2\/types\/post"}],"author":[{"embeddable":true,"href":"https:\/\/jecuisinemonpotager.fr\/Test\/wp-json\/wp\/v2\/users\/2"}],"replies":[{"embeddable":true,"href":"https:\/\/jecuisinemonpotager.fr\/Test\/wp-json\/wp\/v2\/comments?post=888"}],"version-history":[{"count":5,"href":"https:\/\/jecuisinemonpotager.fr\/Test\/wp-json\/wp\/v2\/posts\/888\/revisions"}],"predecessor-version":[{"id":248479,"href":"https:\/\/jecuisinemonpotager.fr\/Test\/wp-json\/wp\/v2\/posts\/888\/revisions\/248479"}],"wp:featuredmedia":[{"embeddable":true,"href":"https:\/\/jecuisinemonpotager.fr\/Test\/wp-json\/wp\/v2\/media\/890"}],"wp:attachment":[{"href":"https:\/\/jecuisinemonpotager.fr\/Test\/wp-json\/wp\/v2\/media?parent=888"}],"wp:term":[{"taxonomy":"category","embeddable":true,"href":"https:\/\/jecuisinemonpotager.fr\/Test\/wp-json\/wp\/v2\/categories?post=888"},{"taxonomy":"post_tag","embeddable":true,"href":"https:\/\/jecuisinemonpotager.fr\/Test\/wp-json\/wp\/v2\/tags?post=888"}],"curies":[{"name":"wp","href":"https:\/\/api.w.org\/{rel}","templated":true}]}}