{"id":912,"date":"2014-10-15T17:38:19","date_gmt":"2014-10-15T17:38:19","guid":{"rendered":"https:\/\/jecuisinemonpotager.fr\/Test\/?p=912"},"modified":"2017-03-09T13:42:50","modified_gmt":"2017-03-09T13:42:50","slug":"recette-toaste-radis-beurre","status":"publish","type":"post","link":"https:\/\/jecuisinemonpotager.fr\/Test\/recette-toaste-radis-beurre\/","title":{"rendered":"Toastinettes radis et beurre sal\u00e9"},"content":{"rendered":"<blockquote><p>Petits toasts pour un ap\u00e9ritif entre amis &#8230;<\/p><\/blockquote>\n<p><strong><a href=\"http:\/\/dinerdujeudi.fr\" class=\"broken_link\"><img loading=\"lazy\" class=\"alignright wp-image-917 size-full\" src=\"https:\/\/jecuisinemonpotager.fr\/Test\/wp-content\/uploads\/2014\/10\/Logo-DinerDuJeudi.jpg\" alt=\"Diner Du Jeudi\" width=\"300\" height=\"200\" srcset=\"https:\/\/jecuisinemonpotager.fr\/Test\/wp-content\/uploads\/2014\/10\/Logo-DinerDuJeudi.jpg 300w, https:\/\/jecuisinemonpotager.fr\/Test\/wp-content\/uploads\/2014\/10\/Logo-DinerDuJeudi-140x94.jpg 140w\" sizes=\"(max-width: 300px) 100vw, 300px\" \/><\/a>Ingr\u00e9dients :<\/strong><\/p>\n<ul>\n<li>3 tranches de pain de mie sans cro\u00fbte<\/li>\n<li>1\/2 botte de radis (environ 15 radis)<\/li>\n<li>100 g de beurre demi-set \u00e0 temp\u00e9rature ambiante<\/li>\n<li>Quelques brins de persil plat<\/li>\n<li>sel, poivre du moulin<\/li>\n<\/ul>\n<p class=\"m_content_recette_ingredients\"><a href='http:\/\/dinerdujeudi.fr\/2010\/10\/toastinettes-radis-et-beurre-sale\/comment-page-1\/#comment-81' class='big-button biggreen' target=\"_blank\">Voir la recette<\/a><\/p>\n<p><span style=\"border-radius: 2px; text-indent: 20px; width: auto; padding: 0px 4px 0px 0px; text-align: center; font: bold 11px\/20px 'Helvetica Neue',Helvetica,sans-serif; color: #ffffff; background: #bd081c  no-repeat scroll 3px 50% \/ 14px 14px; position: absolute; opacity: 1; z-index: 8675309; display: none; cursor: pointer; top: 84px; left: 476px;\">Enregistrer<\/span><\/p>\n\n\t<div class=\"st-post-tags\">\n\tTags: <a href=\"https:\/\/jecuisinemonpotager.fr\/Test\/tag\/radis\/\" title=\"Radis\" rel=\"tag\">Radis<\/a>, <a href=\"https:\/\/jecuisinemonpotager.fr\/Test\/tag\/toaste\/\" title=\"Toaste\" rel=\"tag\">Toaste<\/a><br \/><\/div>\n\n","protected":false},"excerpt":{"rendered":"<p>Petits toasts pour un ap\u00e9ritif entre amis &#8230; Ingr\u00e9dients : 3 tranches de pain de mie sans cro\u00fbte 1\/2 botte de radis (environ 15 radis) 100 g de beurre demi-set \u00e0 temp\u00e9rature ambiante Quelques brins de persil plat sel, poivre du moulin Enregistrer Tags: Radis, Toaste<\/p>\n","protected":false},"author":2,"featured_media":916,"comment_status":"open","ping_status":"open","sticky":false,"template":"","format":"standard","meta":{"_et_pb_use_builder":"","_et_pb_old_content":""},"categories":[51,225],"tags":[52,53],"_links":{"self":[{"href":"https:\/\/jecuisinemonpotager.fr\/Test\/wp-json\/wp\/v2\/posts\/912"}],"collection":[{"href":"https:\/\/jecuisinemonpotager.fr\/Test\/wp-json\/wp\/v2\/posts"}],"about":[{"href":"https:\/\/jecuisinemonpotager.fr\/Test\/wp-json\/wp\/v2\/types\/post"}],"author":[{"embeddable":true,"href":"https:\/\/jecuisinemonpotager.fr\/Test\/wp-json\/wp\/v2\/users\/2"}],"replies":[{"embeddable":true,"href":"https:\/\/jecuisinemonpotager.fr\/Test\/wp-json\/wp\/v2\/comments?post=912"}],"version-history":[{"count":6,"href":"https:\/\/jecuisinemonpotager.fr\/Test\/wp-json\/wp\/v2\/posts\/912\/revisions"}],"predecessor-version":[{"id":248475,"href":"https:\/\/jecuisinemonpotager.fr\/Test\/wp-json\/wp\/v2\/posts\/912\/revisions\/248475"}],"wp:featuredmedia":[{"embeddable":true,"href":"https:\/\/jecuisinemonpotager.fr\/Test\/wp-json\/wp\/v2\/media\/916"}],"wp:attachment":[{"href":"https:\/\/jecuisinemonpotager.fr\/Test\/wp-json\/wp\/v2\/media?parent=912"}],"wp:term":[{"taxonomy":"category","embeddable":true,"href":"https:\/\/jecuisinemonpotager.fr\/Test\/wp-json\/wp\/v2\/categories?post=912"},{"taxonomy":"post_tag","embeddable":true,"href":"https:\/\/jecuisinemonpotager.fr\/Test\/wp-json\/wp\/v2\/tags?post=912"}],"curies":[{"name":"wp","href":"https:\/\/api.w.org\/{rel}","templated":true}]}}