{"id":977,"date":"2014-10-16T17:07:05","date_gmt":"2014-10-16T17:07:05","guid":{"rendered":"https:\/\/jecuisinemonpotager.fr\/Test\/?p=977"},"modified":"2017-03-09T13:41:09","modified_gmt":"2017-03-09T13:41:09","slug":"recette-tomate-confite","status":"publish","type":"post","link":"https:\/\/jecuisinemonpotager.fr\/Test\/recette-tomate-confite\/","title":{"rendered":"Tomates-cerise confites"},"content":{"rendered":"<blockquote><p>\u00a0A utiliser pour mettre sur les pizzas, tartes ou quiches sal\u00e9es, les salades compos\u00e9es, les p\u00e2tes, etc..<\/p><\/blockquote>\n<p><strong><a href=\"http:\/\/www.supertoinette.com\/\"><img loading=\"lazy\" class=\"alignright wp-image-979 size-full\" src=\"https:\/\/jecuisinemonpotager.fr\/Test\/wp-content\/uploads\/2014\/10\/Logo-SuperToinette.jpg\" alt=\"Logo-SuperToinette\" width=\"300\" height=\"200\" srcset=\"https:\/\/jecuisinemonpotager.fr\/Test\/wp-content\/uploads\/2014\/10\/Logo-SuperToinette.jpg 300w, https:\/\/jecuisinemonpotager.fr\/Test\/wp-content\/uploads\/2014\/10\/Logo-SuperToinette-140x94.jpg 140w\" sizes=\"(max-width: 300px) 100vw, 300px\" \/><\/a>Ingr\u00e9dients (pour 3 bocaux de 250g:<\/strong><\/p>\n<ul class=\"dotlist\">\n<li>840 g de tomates-cerise<\/li>\n<li>500 g d&rsquo;huile d&rsquo;olive fruit\u00e9e environ<\/li>\n<li>10 g de sel fin<\/li>\n<li>10 g de sucre semoule<\/li>\n<li>2 g de raz el hanout<\/li>\n<\/ul>\n<p>&nbsp;<\/p>\n<p class=\"m_content_recette_ingredients\"><a href='http:\/\/www.supertoinette.com\/recette\/1538\/tomate-cerise-confite-to.html' class='big-button biggreen' target=\"_blank\">Voir la recette<\/a><\/p>\n<p><span style=\"border-radius: 2px; text-indent: 20px; width: auto; padding: 0px 4px 0px 0px; text-align: center; font: bold 11px\/20px 'Helvetica Neue',Helvetica,sans-serif; color: #ffffff; background: #bd081c  no-repeat scroll 3px 50% \/ 14px 14px; position: absolute; opacity: 1; z-index: 8675309; display: none; cursor: pointer; top: 108px; left: 476px;\">Enregistrer<\/span><\/p>\n\n\t<div class=\"st-post-tags\">\n\tTags: <a href=\"https:\/\/jecuisinemonpotager.fr\/Test\/tag\/confit\/\" title=\"confit\" rel=\"tag\">confit<\/a>, <a href=\"https:\/\/jecuisinemonpotager.fr\/Test\/tag\/tomate\/\" title=\"Tomate\" rel=\"tag\">Tomate<\/a><br \/><\/div>\n\n","protected":false},"excerpt":{"rendered":"<p>\u00a0A utiliser pour mettre sur les pizzas, tartes ou quiches sal\u00e9es, les salades compos\u00e9es, les p\u00e2tes, etc.. Ingr\u00e9dients (pour 3 bocaux de 250g: 840 g de tomates-cerise 500 g d&rsquo;huile d&rsquo;olive fruit\u00e9e environ 10 g de sel fin 10 g de sucre semoule 2 g de raz el hanout &nbsp; Enregistrer Tags: confit, Tomate<\/p>\n","protected":false},"author":2,"featured_media":978,"comment_status":"open","ping_status":"open","sticky":false,"template":"","format":"standard","meta":{"_et_pb_use_builder":"","_et_pb_old_content":""},"categories":[226,51],"tags":[66,62],"_links":{"self":[{"href":"https:\/\/jecuisinemonpotager.fr\/Test\/wp-json\/wp\/v2\/posts\/977"}],"collection":[{"href":"https:\/\/jecuisinemonpotager.fr\/Test\/wp-json\/wp\/v2\/posts"}],"about":[{"href":"https:\/\/jecuisinemonpotager.fr\/Test\/wp-json\/wp\/v2\/types\/post"}],"author":[{"embeddable":true,"href":"https:\/\/jecuisinemonpotager.fr\/Test\/wp-json\/wp\/v2\/users\/2"}],"replies":[{"embeddable":true,"href":"https:\/\/jecuisinemonpotager.fr\/Test\/wp-json\/wp\/v2\/comments?post=977"}],"version-history":[{"count":3,"href":"https:\/\/jecuisinemonpotager.fr\/Test\/wp-json\/wp\/v2\/posts\/977\/revisions"}],"predecessor-version":[{"id":248470,"href":"https:\/\/jecuisinemonpotager.fr\/Test\/wp-json\/wp\/v2\/posts\/977\/revisions\/248470"}],"wp:featuredmedia":[{"embeddable":true,"href":"https:\/\/jecuisinemonpotager.fr\/Test\/wp-json\/wp\/v2\/media\/978"}],"wp:attachment":[{"href":"https:\/\/jecuisinemonpotager.fr\/Test\/wp-json\/wp\/v2\/media?parent=977"}],"wp:term":[{"taxonomy":"category","embeddable":true,"href":"https:\/\/jecuisinemonpotager.fr\/Test\/wp-json\/wp\/v2\/categories?post=977"},{"taxonomy":"post_tag","embeddable":true,"href":"https:\/\/jecuisinemonpotager.fr\/Test\/wp-json\/wp\/v2\/tags?post=977"}],"curies":[{"name":"wp","href":"https:\/\/api.w.org\/{rel}","templated":true}]}}