{"id":982,"date":"2014-10-16T17:39:45","date_gmt":"2014-10-16T17:39:45","guid":{"rendered":"https:\/\/jecuisinemonpotager.fr\/Test\/?p=982"},"modified":"2017-03-09T13:40:50","modified_gmt":"2017-03-09T13:40:50","slug":"recette-tomate-chevre-courgette","status":"publish","type":"post","link":"https:\/\/jecuisinemonpotager.fr\/Test\/recette-tomate-chevre-courgette\/","title":{"rendered":"Tarte tomates, ch\u00e8vre et courgettes"},"content":{"rendered":"<blockquote><p>\u00a0Avec des petits cerneaux de noix grill\u00e9s sur la tarte cela rajoute un peu de croquant.<\/p><\/blockquote>\n<p><strong><a href=\"http:\/\/www.tribugourmande.com\/\"><img loading=\"lazy\" class=\"alignright wp-image-983 size-full\" src=\"https:\/\/jecuisinemonpotager.fr\/Test\/wp-content\/uploads\/2014\/10\/Logo-TribuGourmande.jpg\" alt=\"Tribu Gourmande\" width=\"300\" height=\"200\" srcset=\"https:\/\/jecuisinemonpotager.fr\/Test\/wp-content\/uploads\/2014\/10\/Logo-TribuGourmande.jpg 300w, https:\/\/jecuisinemonpotager.fr\/Test\/wp-content\/uploads\/2014\/10\/Logo-TribuGourmande-140x94.jpg 140w\" sizes=\"(max-width: 300px) 100vw, 300px\" \/><\/a>Ingr\u00e9dients (pour 4 pers.):<\/strong><\/p>\n<ul>\n<li>1 p\u00e2te bris\u00e9e<\/li>\n<li>6 tranches de bacon<\/li>\n<li>1\/2 brique de fromage de ch\u00e8vre<\/li>\n<li>1 petite courgette<\/li>\n<li>2 grosses tomates<\/li>\n<li>1 petit oignon<\/li>\n<li>moutarde, 1 cuil. \u00e0 soupe de miel, basilic, sel et poivre<\/li>\n<\/ul>\n<p>&nbsp;<\/p>\n<p class=\"m_content_recette_ingredients\"><a href='http:\/\/www.tribugourmande.com\/recette_124197_tarte-tomates-chevre-et-courgettes' class='big-button biggreen' target=\"_blank\">Voir la recette<\/a><\/p>\n<p><span style=\"border-radius: 2px; text-indent: 20px; width: auto; padding: 0px 4px 0px 0px; text-align: center; font: bold 11px\/20px 'Helvetica Neue',Helvetica,sans-serif; color: #ffffff; background: #bd081c  no-repeat scroll 3px 50% \/ 14px 14px; position: absolute; opacity: 1; z-index: 8675309; display: none; cursor: pointer; top: 84px; left: 476px;\">Enregistrer<\/span><\/p>\n\n\t<div class=\"st-post-tags\">\n\tTags: <a href=\"https:\/\/jecuisinemonpotager.fr\/Test\/tag\/chevre\/\" title=\"Ch\u00e8vre\" rel=\"tag\">Ch\u00e8vre<\/a>, <a href=\"https:\/\/jecuisinemonpotager.fr\/Test\/tag\/courgette\/\" title=\"Courgette\" rel=\"tag\">Courgette<\/a>, <a href=\"https:\/\/jecuisinemonpotager.fr\/Test\/tag\/tarte\/\" title=\"Tarte\" rel=\"tag\">Tarte<\/a>, <a href=\"https:\/\/jecuisinemonpotager.fr\/Test\/tag\/tomate\/\" title=\"Tomate\" rel=\"tag\">Tomate<\/a><br \/><\/div>\n\n","protected":false},"excerpt":{"rendered":"<p>\u00a0Avec des petits cerneaux de noix grill\u00e9s sur la tarte cela rajoute un peu de croquant. Ingr\u00e9dients (pour 4 pers.): 1 p\u00e2te bris\u00e9e 6 tranches de bacon 1\/2 brique de fromage de ch\u00e8vre 1 petite courgette 2 grosses tomates 1 petit oignon moutarde, 1 cuil. \u00e0 soupe de miel, basilic, sel et poivre &nbsp; Enregistrer [&hellip;]<\/p>\n","protected":false},"author":2,"featured_media":984,"comment_status":"open","ping_status":"open","sticky":false,"template":"","format":"standard","meta":{"_et_pb_use_builder":"","_et_pb_old_content":""},"categories":[51,225],"tags":[67,68,54,62],"_links":{"self":[{"href":"https:\/\/jecuisinemonpotager.fr\/Test\/wp-json\/wp\/v2\/posts\/982"}],"collection":[{"href":"https:\/\/jecuisinemonpotager.fr\/Test\/wp-json\/wp\/v2\/posts"}],"about":[{"href":"https:\/\/jecuisinemonpotager.fr\/Test\/wp-json\/wp\/v2\/types\/post"}],"author":[{"embeddable":true,"href":"https:\/\/jecuisinemonpotager.fr\/Test\/wp-json\/wp\/v2\/users\/2"}],"replies":[{"embeddable":true,"href":"https:\/\/jecuisinemonpotager.fr\/Test\/wp-json\/wp\/v2\/comments?post=982"}],"version-history":[{"count":3,"href":"https:\/\/jecuisinemonpotager.fr\/Test\/wp-json\/wp\/v2\/posts\/982\/revisions"}],"predecessor-version":[{"id":248469,"href":"https:\/\/jecuisinemonpotager.fr\/Test\/wp-json\/wp\/v2\/posts\/982\/revisions\/248469"}],"wp:featuredmedia":[{"embeddable":true,"href":"https:\/\/jecuisinemonpotager.fr\/Test\/wp-json\/wp\/v2\/media\/984"}],"wp:attachment":[{"href":"https:\/\/jecuisinemonpotager.fr\/Test\/wp-json\/wp\/v2\/media?parent=982"}],"wp:term":[{"taxonomy":"category","embeddable":true,"href":"https:\/\/jecuisinemonpotager.fr\/Test\/wp-json\/wp\/v2\/categories?post=982"},{"taxonomy":"post_tag","embeddable":true,"href":"https:\/\/jecuisinemonpotager.fr\/Test\/wp-json\/wp\/v2\/tags?post=982"}],"curies":[{"name":"wp","href":"https:\/\/api.w.org\/{rel}","templated":true}]}}