{"id":993,"date":"2014-10-16T19:58:01","date_gmt":"2014-10-16T19:58:01","guid":{"rendered":"https:\/\/jecuisinemonpotager.fr\/Test\/?p=993"},"modified":"2017-03-09T13:38:15","modified_gmt":"2017-03-09T13:38:15","slug":"recette-sauce-tomate-italienne","status":"publish","type":"post","link":"https:\/\/jecuisinemonpotager.fr\/Test\/recette-sauce-tomate-italienne\/","title":{"rendered":"Sauce tomate (\u00e0 l&rsquo;italienne)"},"content":{"rendered":"<blockquote><p>Si vous n&rsquo;utilisez pas la sauce imm\u00e9diatement, elle se garde plusieurs jours au r\u00e9frig\u00e9rateur, ou alors vous pouvez la st\u00e9riliser.<\/p><\/blockquote>\n<p><strong>Ingr\u00e9dients : <\/strong><\/p>\n<p>A adapter selon la quantit\u00e9 que vous d\u00e9sirez ; compter environ 100 gr de tomates par personne pour un plat de p\u00e2tes<\/p>\n<ul>\n<li><strong><a href=\"http:\/\/www.fishcustard.fr\/\"><img loading=\"lazy\" class=\"alignright wp-image-995 size-full\" src=\"https:\/\/jecuisinemonpotager.fr\/Test\/wp-content\/uploads\/2014\/10\/Logo-FishCustard.jpg\" alt=\"Fish Custard\" width=\"300\" height=\"200\" srcset=\"https:\/\/jecuisinemonpotager.fr\/Test\/wp-content\/uploads\/2014\/10\/Logo-FishCustard.jpg 300w, https:\/\/jecuisinemonpotager.fr\/Test\/wp-content\/uploads\/2014\/10\/Logo-FishCustard-140x94.jpg 140w\" sizes=\"(max-width: 300px) 100vw, 300px\" \/><\/a><\/strong>des tomates pel\u00e9es fra\u00eeches<\/li>\n<li>des gousses d\u2019ail<\/li>\n<li>quelques feuilles de basilic, de laurier et de persil<\/li>\n<li>un peu d\u2019origan, de sel et de poivre<\/li>\n<li>facultatif : une pinc\u00e9e de piment<\/li>\n<li>un bout de carotte et\/ou une pinc\u00e9e de bicarbonate de soude<\/li>\n<\/ul>\n<p class=\"m_content_recette_ingredients\"><a href='http:\/\/www.fishcustard.fr\/archives\/2013\/10\/12\/27932374.html' class='big-button biggreen' target=\"_blank\">Voir la recette<\/a><\/p>\n<p><span style=\"border-radius: 2px; text-indent: 20px; width: auto; padding: 0px 4px 0px 0px; text-align: center; font: bold 11px\/20px 'Helvetica Neue',Helvetica,sans-serif; color: #ffffff; background: #bd081c  no-repeat scroll 3px 50% \/ 14px 14px; position: absolute; opacity: 1; z-index: 8675309; display: none; cursor: pointer;\">Enregistrer<\/span><\/p>\n\n\t<div class=\"st-post-tags\">\n\tTags: <a href=\"https:\/\/jecuisinemonpotager.fr\/Test\/tag\/sauce\/\" title=\"Sauce\" rel=\"tag\">Sauce<\/a>, <a href=\"https:\/\/jecuisinemonpotager.fr\/Test\/tag\/tomate\/\" title=\"Tomate\" rel=\"tag\">Tomate<\/a><br \/><\/div>\n\n","protected":false},"excerpt":{"rendered":"<p>Si vous n&rsquo;utilisez pas la sauce imm\u00e9diatement, elle se garde plusieurs jours au r\u00e9frig\u00e9rateur, ou alors vous pouvez la st\u00e9riliser. Ingr\u00e9dients : A adapter selon la quantit\u00e9 que vous d\u00e9sirez ; compter environ 100 gr de tomates par personne pour un plat de p\u00e2tes des tomates pel\u00e9es fra\u00eeches des gousses d\u2019ail quelques feuilles de basilic, [&hellip;]<\/p>\n","protected":false},"author":2,"featured_media":996,"comment_status":"open","ping_status":"open","sticky":false,"template":"","format":"standard","meta":{"_et_pb_use_builder":"","_et_pb_old_content":""},"categories":[51,225],"tags":[71,62],"_links":{"self":[{"href":"https:\/\/jecuisinemonpotager.fr\/Test\/wp-json\/wp\/v2\/posts\/993"}],"collection":[{"href":"https:\/\/jecuisinemonpotager.fr\/Test\/wp-json\/wp\/v2\/posts"}],"about":[{"href":"https:\/\/jecuisinemonpotager.fr\/Test\/wp-json\/wp\/v2\/types\/post"}],"author":[{"embeddable":true,"href":"https:\/\/jecuisinemonpotager.fr\/Test\/wp-json\/wp\/v2\/users\/2"}],"replies":[{"embeddable":true,"href":"https:\/\/jecuisinemonpotager.fr\/Test\/wp-json\/wp\/v2\/comments?post=993"}],"version-history":[{"count":6,"href":"https:\/\/jecuisinemonpotager.fr\/Test\/wp-json\/wp\/v2\/posts\/993\/revisions"}],"predecessor-version":[{"id":248467,"href":"https:\/\/jecuisinemonpotager.fr\/Test\/wp-json\/wp\/v2\/posts\/993\/revisions\/248467"}],"wp:featuredmedia":[{"embeddable":true,"href":"https:\/\/jecuisinemonpotager.fr\/Test\/wp-json\/wp\/v2\/media\/996"}],"wp:attachment":[{"href":"https:\/\/jecuisinemonpotager.fr\/Test\/wp-json\/wp\/v2\/media?parent=993"}],"wp:term":[{"taxonomy":"category","embeddable":true,"href":"https:\/\/jecuisinemonpotager.fr\/Test\/wp-json\/wp\/v2\/categories?post=993"},{"taxonomy":"post_tag","embeddable":true,"href":"https:\/\/jecuisinemonpotager.fr\/Test\/wp-json\/wp\/v2\/tags?post=993"}],"curies":[{"name":"wp","href":"https:\/\/api.w.org\/{rel}","templated":true}]}}